{"id":1799,"date":"2014-06-11T12:55:00","date_gmt":"2014-06-11T17:55:00","guid":{"rendered":"http:\/\/pmg2024.wpenginepowered.com\/?p=1799"},"modified":"2014-06-11T13:03:57","modified_gmt":"2014-06-11T18:03:57","slug":"dr-jackson","status":"publish","type":"post","link":"https:\/\/premiermedicalgrp.com\/es\/2014\/06\/dr-jackson\/","title":{"rendered":"El Dr. Jackson lleva el cuidado ocular a nuevas alturas en El Salvador."},"content":{"rendered":"<p class=\"p1\"><a href=\"http:\/\/premiermedicalgrp.com\/wp-content\/uploads\/2014\/06\/PRM-Blog-El-Salvador.jpg\"><img loading=\"lazy\" decoding=\"async\" class=\"alignnone  wp-image-1824\" src=\"http:\/\/premiermedicalgrp.com\/wp-content\/uploads\/2014\/06\/PRM-Blog-El-Salvador.jpg\" alt=\"PRM Blog - El Salvador\" width=\"703\" height=\"260\" srcset=\"https:\/\/premiermedicalgrp.com\/wp-content\/uploads\/2014\/06\/PRM-Blog-El-Salvador.jpg 851w, https:\/\/premiermedicalgrp.com\/wp-content\/uploads\/2014\/06\/PRM-Blog-El-Salvador-300x111.jpg 300w, https:\/\/premiermedicalgrp.com\/wp-content\/uploads\/2014\/06\/PRM-Blog-El-Salvador-650x240.jpg 650w, https:\/\/premiermedicalgrp.com\/wp-content\/uploads\/2014\/06\/PRM-Blog-El-Salvador-700x259.jpg 700w\" sizes=\"auto, (max-width: 703px) 100vw, 703px\" \/><\/a><\/p>\n<p class=\"p3\"><span class=\"s1\">Nuestro propio <a href=\"http:\/\/premiermedicalgrp.com\/es\/physicians\/gregory-jackson-od\/\">Dr. Gregory Jackson<\/a> Viaj\u00f3 con un equipo a las monta\u00f1as de Gotera, Moraz\u00e1n, El Salvador para una cl\u00ednica oftalmol\u00f3gica de una semana de duraci\u00f3n para ayudar a personas desatendidas con sus necesidades de visi\u00f3n.\u00a0<\/span><\/p>\n<p class=\"p2\">Se examinaron m\u00e1s de 415 pacientes, con 375 pares de pr\u00f3tesis personalizadas. <a href=\"http:\/\/premiermedicalgrp.com\/es\/services\/eye\/optical\/eyewear\/\">lentes<\/a> Se cre\u00f3 y se entreg\u00f3 a pacientes, muchos de los cuales nunca hab\u00edan usado anteojos antes. Se descubri\u00f3 que seis pacientes ten\u00edan un alto riesgo de glaucoma y fueron asignados a centros de atenci\u00f3n a largo plazo adecuados en El Salvador.<\/p>\n<p class=\"p2\">Estamos muy agradecidos de tener en nuestro personal a un m\u00e9dico tan atento. El Dr. Jackson viaja a El Salvador tres veces al a\u00f1o para trabajar con la organizaci\u00f3n ben\u00e9fica. <a href=\"http:\/\/www.eyecaregivers.org\/\">Cuidadores de ojos<\/a> ; una maravillosa organizaci\u00f3n cuya misi\u00f3n es brindar atenci\u00f3n oftalmol\u00f3gica sostenible a los salvadore\u00f1os que viven en \u00e1reas remotas sin acceso razonable a atenci\u00f3n oftalmol\u00f3gica peri\u00f3dica. Cuando no est\u00e1 ayudando a personas en el extranjero, puede encontrar al Dr. Jackson en <a href=\"http:\/\/premiermedicalgrp.com\/es\/contact\/east-office\/\">Calle Dauphin Este <\/a>Ubicaci\u00f3n en Mobile, Al.<\/p>\n<p class=\"p2\">Tambi\u00e9n queremos agradecer a los miembros del equipo que trabajaron con el Dr. Jackson y que siguen marcando una diferencia en la vida de muchas personas a trav\u00e9s de su arduo trabajo y su actitud generosa. Sally Jackson, Rachel Ragland y Haley Bennett. Gracias por todo lo que hacen.<\/p>\n<p class=\"p2\"><a href=\"http:\/\/premiermedicalgrp.com\/wp-content\/uploads\/2014\/06\/photo-2-11.jpg\"><img loading=\"lazy\" decoding=\"async\" class=\"alignnone wp-image-1830 size-medium\" src=\"http:\/\/premiermedicalgrp.com\/wp-content\/uploads\/2014\/06\/photo-2-11-e1402509620841-225x300.jpg\" alt=\"photo 2 (11)\" width=\"225\" height=\"300\" srcset=\"https:\/\/premiermedicalgrp.com\/wp-content\/uploads\/2014\/06\/photo-2-11-e1402509620841-225x300.jpg 225w, https:\/\/premiermedicalgrp.com\/wp-content\/uploads\/2014\/06\/photo-2-11-e1402509620841-650x866.jpg 650w, https:\/\/premiermedicalgrp.com\/wp-content\/uploads\/2014\/06\/photo-2-11-e1402509620841-700x933.jpg 700w, https:\/\/premiermedicalgrp.com\/wp-content\/uploads\/2014\/06\/photo-2-11-e1402509620841-300x400.jpg 300w, https:\/\/premiermedicalgrp.com\/wp-content\/uploads\/2014\/06\/photo-2-11-e1402509620841.jpg 1224w\" sizes=\"auto, (max-width: 225px) 100vw, 225px\" \/><\/a>\u00a0 \u00a0<a href=\"http:\/\/premiermedicalgrp.com\/wp-content\/uploads\/2014\/06\/photo-32.jpg\"><img loading=\"lazy\" decoding=\"async\" class=\"alignnone wp-image-1828 size-medium\" src=\"http:\/\/premiermedicalgrp.com\/wp-content\/uploads\/2014\/06\/photo-32-e1402509642494-225x300.jpg\" alt=\"photo (32)\" width=\"225\" height=\"300\" srcset=\"https:\/\/premiermedicalgrp.com\/wp-content\/uploads\/2014\/06\/photo-32-e1402509642494-225x300.jpg 225w, https:\/\/premiermedicalgrp.com\/wp-content\/uploads\/2014\/06\/photo-32-e1402509642494-650x866.jpg 650w, https:\/\/premiermedicalgrp.com\/wp-content\/uploads\/2014\/06\/photo-32-e1402509642494-700x933.jpg 700w, https:\/\/premiermedicalgrp.com\/wp-content\/uploads\/2014\/06\/photo-32-e1402509642494-300x400.jpg 300w, https:\/\/premiermedicalgrp.com\/wp-content\/uploads\/2014\/06\/photo-32-e1402509642494.jpg 1224w\" sizes=\"auto, (max-width: 225px) 100vw, 225px\" \/><\/a>\u00a0\u00a0<a href=\"http:\/\/premiermedicalgrp.com\/wp-content\/uploads\/2014\/06\/photo-31.jpg\"><img loading=\"lazy\" decoding=\"async\" class=\"alignnone wp-image-1827\" src=\"http:\/\/premiermedicalgrp.com\/wp-content\/uploads\/2014\/06\/photo-31-e1402509677544-225x300.jpg\" alt=\"photo (31)\" width=\"215\" height=\"287\" srcset=\"https:\/\/premiermedicalgrp.com\/wp-content\/uploads\/2014\/06\/photo-31-e1402509677544-225x300.jpg 225w, https:\/\/premiermedicalgrp.com\/wp-content\/uploads\/2014\/06\/photo-31-e1402509677544-650x866.jpg 650w, https:\/\/premiermedicalgrp.com\/wp-content\/uploads\/2014\/06\/photo-31-e1402509677544-700x933.jpg 700w, https:\/\/premiermedicalgrp.com\/wp-content\/uploads\/2014\/06\/photo-31-e1402509677544-300x400.jpg 300w, https:\/\/premiermedicalgrp.com\/wp-content\/uploads\/2014\/06\/photo-31-e1402509677544.jpg 1224w\" sizes=\"auto, (max-width: 215px) 100vw, 215px\" \/><\/a><a href=\"http:\/\/premiermedicalgrp.com\/wp-content\/uploads\/2014\/06\/photo-1-8.jpg\"><img loading=\"lazy\" decoding=\"async\" class=\"alignnone wp-image-1829 size-medium\" src=\"http:\/\/premiermedicalgrp.com\/wp-content\/uploads\/2014\/06\/photo-1-8-e1402509764452-225x300.jpg\" alt=\"photo 1 (8)\" width=\"225\" height=\"300\" srcset=\"https:\/\/premiermedicalgrp.com\/wp-content\/uploads\/2014\/06\/photo-1-8-e1402509764452-225x300.jpg 225w, https:\/\/premiermedicalgrp.com\/wp-content\/uploads\/2014\/06\/photo-1-8-e1402509764452-650x866.jpg 650w, https:\/\/premiermedicalgrp.com\/wp-content\/uploads\/2014\/06\/photo-1-8-e1402509764452-700x933.jpg 700w, https:\/\/premiermedicalgrp.com\/wp-content\/uploads\/2014\/06\/photo-1-8-e1402509764452-300x400.jpg 300w, https:\/\/premiermedicalgrp.com\/wp-content\/uploads\/2014\/06\/photo-1-8-e1402509764452.jpg 1224w\" sizes=\"auto, (max-width: 225px) 100vw, 225px\" \/><\/a><\/p>\n<p class=\"p3\"><span class=\"s2\"><a href=\"http:\/\/premiermedicalgrp.com\/es\/contact\/\">Encuentre un m\u00e9dico local\u00a0<\/a><\/span><\/p>\n<p class=\"p3\"><span class=\"s2\"><a href=\"https:\/\/www.facebook.com\/PremierMedicalGroup\">Danos Me Gusta<\/a><\/span><\/p>\n<p class=\"p3\"><span class=\"s2\"><a href=\"https:\/\/twitter.com\/PremierMedicalG\">S\u00edganos<\/a><\/span><\/p>\n<p class=\"p3\"><span class=\"s2\"><a href=\"http:\/\/www.pinterest.com\/PremierMedGrp\/\">Pin con nosotros<\/a><\/span><\/p>\n<p class=\"p3\"><span class=\"s2\"><a href=\"https:\/\/www.linkedin.com\/company\/premier-medical---eye-ears-nose-throat?trk=company_name\">Con\u00e9ctate con nosotros\u00a0<\/a><\/span><\/p>\n<p>&nbsp;<\/p>","protected":false},"excerpt":{"rendered":"<p>Our very own Dr. Gregory Jackson traveled with a team to the mountains of Gotera, Morazan, El Salvador for a week long eye clinic to help underserved people with their vision needs.\u00a0 There were over 415 patients examined, with 375 pairs of custom eyeglasses created and given to patients; many who had never worn eyeglasses [&hellip;]<\/p>\n","protected":false},"author":1,"featured_media":0,"comment_status":"closed","ping_status":"closed","sticky":false,"template":"","format":"standard","meta":{"_acf_changed":false,"footnotes":""},"categories":[13],"tags":[],"class_list":["post-1799","post","type-post","status-publish","format-standard","hentry","category-eye-news"],"acf":[],"yoast_head":"<!-- This site is optimized with the Yoast SEO plugin v27.5 - https:\/\/yoast.com\/product\/yoast-seo-wordpress\/ -->\n<title>Dr. Jackson Takes Eye Care to New Heights in El Salvador.<\/title>\n<meta name=\"description\" content=\"Our very own Dr. Gregory Jackson traveled with a team to the mountains of Gotera, Morazan, El Salvador for a week long eye clinic to help...\" \/>\n<meta name=\"robots\" content=\"index, follow, max-snippet:-1, max-image-preview:large, max-video-preview:-1\" \/>\n<link rel=\"canonical\" href=\"https:\/\/premiermedicalgrp.com\/es\/2014\/06\/dr-jackson\/\" \/>\n<meta property=\"og:locale\" content=\"es_MX\" \/>\n<meta property=\"og:type\" content=\"article\" \/>\n<meta property=\"og:title\" content=\"Dr. Jackson Takes Eye Care to New Heights in El Salvador.\" \/>\n<meta property=\"og:description\" content=\"Our very own Dr. Gregory Jackson traveled with a team to the mountains of Gotera, Morazan, El Salvador for a week long eye clinic to help...\" \/>\n<meta property=\"og:url\" content=\"https:\/\/premiermedicalgrp.com\/es\/2014\/06\/dr-jackson\/\" \/>\n<meta property=\"og:site_name\" content=\"Premier Medical Group | Eye &amp; ENT Specialists\" \/>\n<meta property=\"article:published_time\" content=\"2014-06-11T17:55:00+00:00\" \/>\n<meta property=\"article:modified_time\" content=\"2014-06-11T18:03:57+00:00\" \/>\n<meta property=\"og:image\" content=\"http:\/\/premiermedicalgrp.com\/wp-content\/uploads\/2014\/06\/PRM-Blog-El-Salvador.jpg\" \/>\n<meta name=\"author\" content=\"hummingbird\" \/>\n<meta name=\"twitter:label1\" content=\"Written by\" \/>\n\t<meta name=\"twitter:data1\" content=\"hummingbird\" \/>\n\t<meta name=\"twitter:label2\" content=\"Est. reading time\" \/>\n\t<meta name=\"twitter:data2\" content=\"1 minuto\" \/>\n<script type=\"application\/ld+json\" class=\"yoast-schema-graph\">{\"@context\":\"https:\\\/\\\/schema.org\",\"@graph\":[{\"@type\":\"Article\",\"@id\":\"https:\\\/\\\/premiermedicalgrp.com\\\/2014\\\/06\\\/dr-jackson\\\/#article\",\"isPartOf\":{\"@id\":\"https:\\\/\\\/premiermedicalgrp.com\\\/2014\\\/06\\\/dr-jackson\\\/\"},\"author\":{\"name\":\"hummingbird\",\"@id\":\"https:\\\/\\\/pmg2024.wpenginepowered.com\\\/#\\\/schema\\\/person\\\/7724540331a3b77ab405ce4248d15530\"},\"headline\":\"Dr. Jackson Takes Eye Care to New Heights in El Salvador.\",\"datePublished\":\"2014-06-11T17:55:00+00:00\",\"dateModified\":\"2014-06-11T18:03:57+00:00\",\"mainEntityOfPage\":{\"@id\":\"https:\\\/\\\/premiermedicalgrp.com\\\/2014\\\/06\\\/dr-jackson\\\/\"},\"wordCount\":234,\"image\":{\"@id\":\"https:\\\/\\\/premiermedicalgrp.com\\\/2014\\\/06\\\/dr-jackson\\\/#primaryimage\"},\"thumbnailUrl\":\"http:\\\/\\\/premiermedicalgrp.com\\\/wp-content\\\/uploads\\\/2014\\\/06\\\/PRM-Blog-El-Salvador.jpg\",\"articleSection\":[\"Eye News\"],\"inLanguage\":\"es\"},{\"@type\":\"WebPage\",\"@id\":\"https:\\\/\\\/premiermedicalgrp.com\\\/2014\\\/06\\\/dr-jackson\\\/\",\"url\":\"https:\\\/\\\/premiermedicalgrp.com\\\/2014\\\/06\\\/dr-jackson\\\/\",\"name\":\"Dr. Jackson Takes Eye Care to New Heights in El Salvador.\",\"isPartOf\":{\"@id\":\"https:\\\/\\\/pmg2024.wpenginepowered.com\\\/#website\"},\"primaryImageOfPage\":{\"@id\":\"https:\\\/\\\/premiermedicalgrp.com\\\/2014\\\/06\\\/dr-jackson\\\/#primaryimage\"},\"image\":{\"@id\":\"https:\\\/\\\/premiermedicalgrp.com\\\/2014\\\/06\\\/dr-jackson\\\/#primaryimage\"},\"thumbnailUrl\":\"http:\\\/\\\/premiermedicalgrp.com\\\/wp-content\\\/uploads\\\/2014\\\/06\\\/PRM-Blog-El-Salvador.jpg\",\"datePublished\":\"2014-06-11T17:55:00+00:00\",\"dateModified\":\"2014-06-11T18:03:57+00:00\",\"author\":{\"@id\":\"https:\\\/\\\/pmg2024.wpenginepowered.com\\\/#\\\/schema\\\/person\\\/7724540331a3b77ab405ce4248d15530\"},\"description\":\"Our very own Dr. Gregory Jackson traveled with a team to the mountains of Gotera, Morazan, El Salvador for a week long eye clinic to help...\",\"breadcrumb\":{\"@id\":\"https:\\\/\\\/premiermedicalgrp.com\\\/2014\\\/06\\\/dr-jackson\\\/#breadcrumb\"},\"inLanguage\":\"es\",\"potentialAction\":[{\"@type\":\"ReadAction\",\"target\":[\"https:\\\/\\\/premiermedicalgrp.com\\\/2014\\\/06\\\/dr-jackson\\\/\"]}]},{\"@type\":\"ImageObject\",\"inLanguage\":\"es\",\"@id\":\"https:\\\/\\\/premiermedicalgrp.com\\\/2014\\\/06\\\/dr-jackson\\\/#primaryimage\",\"url\":\"http:\\\/\\\/premiermedicalgrp.com\\\/wp-content\\\/uploads\\\/2014\\\/06\\\/PRM-Blog-El-Salvador.jpg\",\"contentUrl\":\"http:\\\/\\\/premiermedicalgrp.com\\\/wp-content\\\/uploads\\\/2014\\\/06\\\/PRM-Blog-El-Salvador.jpg\"},{\"@type\":\"BreadcrumbList\",\"@id\":\"https:\\\/\\\/premiermedicalgrp.com\\\/2014\\\/06\\\/dr-jackson\\\/#breadcrumb\",\"itemListElement\":[{\"@type\":\"ListItem\",\"position\":1,\"name\":\"Home\",\"item\":\"https:\\\/\\\/premiermedicalgrp.com\\\/\"},{\"@type\":\"ListItem\",\"position\":2,\"name\":\"Dr. Jackson Takes Eye Care to New Heights in El Salvador.\"}]},{\"@type\":\"WebSite\",\"@id\":\"https:\\\/\\\/pmg2024.wpenginepowered.com\\\/#website\",\"url\":\"https:\\\/\\\/pmg2024.wpenginepowered.com\\\/\",\"name\":\"Premier Medical Group | Eye &amp; ENT Specialists\",\"description\":\"Premier Medical Group | Eye &amp; ENT Specialists\",\"potentialAction\":[{\"@type\":\"SearchAction\",\"target\":{\"@type\":\"EntryPoint\",\"urlTemplate\":\"https:\\\/\\\/pmg2024.wpenginepowered.com\\\/?s={search_term_string}\"},\"query-input\":{\"@type\":\"PropertyValueSpecification\",\"valueRequired\":true,\"valueName\":\"search_term_string\"}}],\"inLanguage\":\"es\"},{\"@type\":\"Person\",\"@id\":\"https:\\\/\\\/pmg2024.wpenginepowered.com\\\/#\\\/schema\\\/person\\\/7724540331a3b77ab405ce4248d15530\",\"name\":\"hummingbird\",\"image\":{\"@type\":\"ImageObject\",\"inLanguage\":\"es\",\"@id\":\"https:\\\/\\\/secure.gravatar.com\\\/avatar\\\/18418f5594467053eace1d8ff3b5630d99e6855242095ae42834d51fc9e16d6f?s=96&d=mm&r=g\",\"url\":\"https:\\\/\\\/secure.gravatar.com\\\/avatar\\\/18418f5594467053eace1d8ff3b5630d99e6855242095ae42834d51fc9e16d6f?s=96&d=mm&r=g\",\"contentUrl\":\"https:\\\/\\\/secure.gravatar.com\\\/avatar\\\/18418f5594467053eace1d8ff3b5630d99e6855242095ae42834d51fc9e16d6f?s=96&d=mm&r=g\",\"caption\":\"hummingbird\"},\"url\":\"https:\\\/\\\/premiermedicalgrp.com\\\/es\\\/author\\\/hummingbird\\\/\"}]}<\/script>\n<!-- \/ Yoast SEO plugin. -->","yoast_head_json":{"title":"El Dr. Jackson lleva el cuidado ocular a nuevas alturas en El Salvador.","description":"Our very own Dr. Gregory Jackson traveled with a team to the mountains of Gotera, Morazan, El Salvador for a week long eye clinic to help...","robots":{"index":"index","follow":"follow","max-snippet":"max-snippet:-1","max-image-preview":"max-image-preview:large","max-video-preview":"max-video-preview:-1"},"canonical":"https:\/\/premiermedicalgrp.com\/es\/2014\/06\/dr-jackson\/","og_locale":"es_MX","og_type":"article","og_title":"Dr. Jackson Takes Eye Care to New Heights in El Salvador.","og_description":"Our very own Dr. Gregory Jackson traveled with a team to the mountains of Gotera, Morazan, El Salvador for a week long eye clinic to help...","og_url":"https:\/\/premiermedicalgrp.com\/es\/2014\/06\/dr-jackson\/","og_site_name":"Premier Medical Group | Eye &amp; ENT Specialists","article_published_time":"2014-06-11T17:55:00+00:00","article_modified_time":"2014-06-11T18:03:57+00:00","og_image":[{"url":"http:\/\/premiermedicalgrp.com\/wp-content\/uploads\/2014\/06\/PRM-Blog-El-Salvador.jpg","type":"","width":"","height":""}],"author":"hummingbird","twitter_misc":{"Written by":"hummingbird","Est. reading time":"1 minuto"},"schema":{"@context":"https:\/\/schema.org","@graph":[{"@type":"Article","@id":"https:\/\/premiermedicalgrp.com\/2014\/06\/dr-jackson\/#article","isPartOf":{"@id":"https:\/\/premiermedicalgrp.com\/2014\/06\/dr-jackson\/"},"author":{"name":"hummingbird","@id":"https:\/\/pmg2024.wpenginepowered.com\/#\/schema\/person\/7724540331a3b77ab405ce4248d15530"},"headline":"Dr. Jackson Takes Eye Care to New Heights in El Salvador.","datePublished":"2014-06-11T17:55:00+00:00","dateModified":"2014-06-11T18:03:57+00:00","mainEntityOfPage":{"@id":"https:\/\/premiermedicalgrp.com\/2014\/06\/dr-jackson\/"},"wordCount":234,"image":{"@id":"https:\/\/premiermedicalgrp.com\/2014\/06\/dr-jackson\/#primaryimage"},"thumbnailUrl":"http:\/\/premiermedicalgrp.com\/wp-content\/uploads\/2014\/06\/PRM-Blog-El-Salvador.jpg","articleSection":["Eye News"],"inLanguage":"es"},{"@type":"WebPage","@id":"https:\/\/premiermedicalgrp.com\/2014\/06\/dr-jackson\/","url":"https:\/\/premiermedicalgrp.com\/2014\/06\/dr-jackson\/","name":"El Dr. Jackson lleva el cuidado ocular a nuevas alturas en El Salvador.","isPartOf":{"@id":"https:\/\/pmg2024.wpenginepowered.com\/#website"},"primaryImageOfPage":{"@id":"https:\/\/premiermedicalgrp.com\/2014\/06\/dr-jackson\/#primaryimage"},"image":{"@id":"https:\/\/premiermedicalgrp.com\/2014\/06\/dr-jackson\/#primaryimage"},"thumbnailUrl":"http:\/\/premiermedicalgrp.com\/wp-content\/uploads\/2014\/06\/PRM-Blog-El-Salvador.jpg","datePublished":"2014-06-11T17:55:00+00:00","dateModified":"2014-06-11T18:03:57+00:00","author":{"@id":"https:\/\/pmg2024.wpenginepowered.com\/#\/schema\/person\/7724540331a3b77ab405ce4248d15530"},"description":"Our very own Dr. Gregory Jackson traveled with a team to the mountains of Gotera, Morazan, El Salvador for a week long eye clinic to help...","breadcrumb":{"@id":"https:\/\/premiermedicalgrp.com\/2014\/06\/dr-jackson\/#breadcrumb"},"inLanguage":"es","potentialAction":[{"@type":"ReadAction","target":["https:\/\/premiermedicalgrp.com\/2014\/06\/dr-jackson\/"]}]},{"@type":"ImageObject","inLanguage":"es","@id":"https:\/\/premiermedicalgrp.com\/2014\/06\/dr-jackson\/#primaryimage","url":"http:\/\/premiermedicalgrp.com\/wp-content\/uploads\/2014\/06\/PRM-Blog-El-Salvador.jpg","contentUrl":"http:\/\/premiermedicalgrp.com\/wp-content\/uploads\/2014\/06\/PRM-Blog-El-Salvador.jpg"},{"@type":"BreadcrumbList","@id":"https:\/\/premiermedicalgrp.com\/2014\/06\/dr-jackson\/#breadcrumb","itemListElement":[{"@type":"ListItem","position":1,"name":"Home","item":"https:\/\/premiermedicalgrp.com\/"},{"@type":"ListItem","position":2,"name":"Dr. Jackson Takes Eye Care to New Heights in El Salvador."}]},{"@type":"WebSite","@id":"https:\/\/pmg2024.wpenginepowered.com\/#website","url":"https:\/\/pmg2024.wpenginepowered.com\/","name":"Premier Medical Group | Especialistas en otorrinolaringolog\u00eda y oftalmolog\u00eda","description":"Premier Medical Group | Especialistas en otorrinolaringolog\u00eda y oftalmolog\u00eda","potentialAction":[{"@type":"SearchAction","target":{"@type":"EntryPoint","urlTemplate":"https:\/\/pmg2024.wpenginepowered.com\/?s={search_term_string}"},"query-input":{"@type":"PropertyValueSpecification","valueRequired":true,"valueName":"search_term_string"}}],"inLanguage":"es"},{"@type":"Person","@id":"https:\/\/pmg2024.wpenginepowered.com\/#\/schema\/person\/7724540331a3b77ab405ce4248d15530","name":"hummingbird","image":{"@type":"ImageObject","inLanguage":"es","@id":"https:\/\/secure.gravatar.com\/avatar\/18418f5594467053eace1d8ff3b5630d99e6855242095ae42834d51fc9e16d6f?s=96&d=mm&r=g","url":"https:\/\/secure.gravatar.com\/avatar\/18418f5594467053eace1d8ff3b5630d99e6855242095ae42834d51fc9e16d6f?s=96&d=mm&r=g","contentUrl":"https:\/\/secure.gravatar.com\/avatar\/18418f5594467053eace1d8ff3b5630d99e6855242095ae42834d51fc9e16d6f?s=96&d=mm&r=g","caption":"hummingbird"},"url":"https:\/\/premiermedicalgrp.com\/es\/author\/hummingbird\/"}]}},"_links":{"self":[{"href":"https:\/\/premiermedicalgrp.com\/es\/wp-json\/wp\/v2\/posts\/1799","targetHints":{"allow":["GET"]}}],"collection":[{"href":"https:\/\/premiermedicalgrp.com\/es\/wp-json\/wp\/v2\/posts"}],"about":[{"href":"https:\/\/premiermedicalgrp.com\/es\/wp-json\/wp\/v2\/types\/post"}],"author":[{"embeddable":true,"href":"https:\/\/premiermedicalgrp.com\/es\/wp-json\/wp\/v2\/users\/1"}],"replies":[{"embeddable":true,"href":"https:\/\/premiermedicalgrp.com\/es\/wp-json\/wp\/v2\/comments?post=1799"}],"version-history":[{"count":0,"href":"https:\/\/premiermedicalgrp.com\/es\/wp-json\/wp\/v2\/posts\/1799\/revisions"}],"wp:attachment":[{"href":"https:\/\/premiermedicalgrp.com\/es\/wp-json\/wp\/v2\/media?parent=1799"}],"wp:term":[{"taxonomy":"category","embeddable":true,"href":"https:\/\/premiermedicalgrp.com\/es\/wp-json\/wp\/v2\/categories?post=1799"},{"taxonomy":"post_tag","embeddable":true,"href":"https:\/\/premiermedicalgrp.com\/es\/wp-json\/wp\/v2\/tags?post=1799"}],"curies":[{"name":"wp","href":"https:\/\/api.w.org\/{rel}","templated":true}]}}